{"id":17143,"date":"2026-09-04T09:20:19","date_gmt":"2026-09-04T08:20:19","guid":{"rendered":"https:\/\/yer.arminfonews.ru\/?p=17143"},"modified":"2026-09-04T09:20:21","modified_gmt":"2026-09-04T08:20:21","slug":"le-jour-ou-une-grand-mere-a-cesse-detre-consideree-comme-acquise","status":"publish","type":"post","link":"https:\/\/yer.arminfonews.ru\/?p=17143","title":{"rendered":"Le jour o\u00f9 une grand-m\u00e8re a cess\u00e9 d\u2019\u00eatre consid\u00e9r\u00e9e comme acquise"},"content":{"rendered":"\n<p class=\"wp-block-paragraph\">Lorsque ma fille m\u2019a annonc\u00e9 qu\u2019elle attendait son premier enfant, j\u2019ai imagin\u00e9 les joies simples de la vie de grand-m\u00e8re : tenir un b\u00e9b\u00e9 endormi dans mes bras, faire de longues promenades avec lui, lui offrir de petits cadeaux et le regarder grandir jour apr\u00e8s jour.<\/p>\n\n\n\n<p class=\"wp-block-paragraph\">Je n\u2019aurais jamais imagin\u00e9 que, quelques mois seulement apr\u00e8s sa naissance, m\u2019occuper de mon petit-fils deviendrait presque un travail \u00e0 plein temps.<\/p>\n\n\n\n<figure class=\"wp-block-gallery has-nested-images columns-default is-cropped wp-block-gallery-1 is-layout-flex wp-block-gallery-is-layout-flex\">\n<figure class=\"wp-block-image size-large\"><img loading=\"lazy\" decoding=\"async\" width=\"1024\" height=\"538\" data-id=\"17144\" src=\"https:\/\/yer.arminfonews.ru\/wp-content\/uploads\/2026\/09\/558-1024x538.png\" alt=\"\" class=\"wp-image-17144\" srcset=\"https:\/\/yer.arminfonews.ru\/wp-content\/uploads\/2026\/09\/558-1024x538.png 1024w, https:\/\/yer.arminfonews.ru\/wp-content\/uploads\/2026\/09\/558-300x158.png 300w, https:\/\/yer.arminfonews.ru\/wp-content\/uploads\/2026\/09\/558-767x403.png 767w, https:\/\/yer.arminfonews.ru\/wp-content\/uploads\/2026\/09\/558-1536x807.png 1536w, https:\/\/yer.arminfonews.ru\/wp-content\/uploads\/2026\/09\/558.png 1731w\" sizes=\"auto, (max-width: 1024px) 100vw, 1024px\" \/><\/figure>\n<\/figure>\n\n\n\n<p class=\"wp-block-paragraph\">Ma fille, Emily, avait consacr\u00e9 des ann\u00e9es \u00e0 construire sa carri\u00e8re. Elle occupait un poste exigeant, avec des responsabilit\u00e9s et des d\u00e9lais qui ne disparaissaient pas simplement parce qu\u2019elle \u00e9tait devenue m\u00e8re. Apr\u00e8s l\u2019accouchement, elle resta quelque temps \u00e0 la maison, mais elle dut rapidement envisager son retour au travail.<\/p>\n\n\n\n<p class=\"wp-block-paragraph\">La garde de son b\u00e9b\u00e9 devint alors le principal probl\u00e8me.<\/p>\n\n\n\n<p class=\"wp-block-paragraph\">Engager une nounou professionnelle co\u00fbtait cher, et trouver quelqu\u2019un en qui Emily pouvait avoir une confiance totale n\u2019\u00e9tait pas simple. La cr\u00e8che \u00e9tait une autre possibilit\u00e9, mais elle estimait que son fils \u00e9tait encore trop petit.<\/p>\n\n\n\n<p class=\"wp-block-paragraph\">C\u2019est alors que je lui ai propos\u00e9 mon aide.<\/p>\n\n\n\n<p class=\"wp-block-paragraph\">\u00c0 ce moment-l\u00e0, cela me semblait \u00eatre la chose la plus naturelle au monde.<\/p>\n\n\n\n<p class=\"wp-block-paragraph\">\u00ab C\u2019est mon petit-fils, lui ai-je dit. Ne t\u2019inqui\u00e8te pas, je vais t\u2019aider. \u00bb<\/p>\n\n\n\n<p class=\"wp-block-paragraph\">Nous n\u2019avons jamais parl\u00e9 d\u2019argent. Nous n\u2019avons fix\u00e9 ni horaires pr\u00e9cis ni r\u00e9partition claire des responsabilit\u00e9s.<\/p>\n\n\n\n<p class=\"wp-block-paragraph\">Apr\u00e8s tout, j\u2019\u00e9tais sa grand-m\u00e8re, pas une employ\u00e9e.<\/p>\n\n\n\n<p class=\"wp-block-paragraph\">Mais c\u2019est justement cette absence de limites qui allait plus tard provoquer un douloureux malentendu.<\/p>\n\n\n\n<h2 class=\"wp-block-heading\">Quand un service devient une routine<\/h2>\n\n\n\n<p class=\"wp-block-paragraph\">Mes journ\u00e9es ont rapidement commenc\u00e9 \u00e0 suivre un rythme bien pr\u00e9cis.<\/p>\n\n\n\n<p class=\"wp-block-paragraph\">Chaque jour de semaine, j\u2019arrivais chez Emily peu avant huit heures du matin. Elle se pr\u00e9parait g\u00e9n\u00e9ralement pour aller travailler pendant que je prenais le relais aupr\u00e8s du b\u00e9b\u00e9.<\/p>\n\n\n\n<p class=\"wp-block-paragraph\">Au d\u00e9but, je pensais simplement devoir le surveiller.<\/p>\n\n\n\n<p class=\"wp-block-paragraph\">Mais tous ceux qui se sont d\u00e9j\u00e0 occup\u00e9s d\u2019un nourrisson savent combien de t\u00e2ches accompagnent un si petit \u00eatre.<\/p>\n\n\n\n<p class=\"wp-block-paragraph\">Il fallait pr\u00e9parer les biberons, changer ses v\u00eatements, remplacer les couches et respecter ses heures de sommeil. Lorsqu\u2019il pleurait, je le portais dans mes bras en faisant les cent pas dans l\u2019appartement jusqu\u2019\u00e0 ce qu\u2019il se calme. Quand le temps le permettait, je l\u2019installais dans sa poussette et nous partions nous promener.<\/p>\n\n\n\n<p class=\"wp-block-paragraph\">Peu \u00e0 peu, d\u2019autres t\u00e2ches se sont ajout\u00e9es.<\/p>\n\n\n\n<p class=\"wp-block-paragraph\">Lorsque ses v\u00eatements \u00e9taient sales, je les lavais. Quand le linge \u00e9tait sec, je le pliais. Il m\u2019arrivait aussi de repasser pendant qu\u2019il dormait. Je nettoyais les biberons, essuyais le plan de travail de la cuisine et rangeais les jouets.<\/p>\n\n\n\n<p class=\"wp-block-paragraph\">Personne ne m\u2019avait r\u00e9ellement demand\u00e9 de faire la plupart de ces choses.<\/p>\n\n\n\n<p class=\"wp-block-paragraph\">Je voyais simplement qu\u2019une t\u00e2che devait \u00eatre accomplie, alors je m\u2019en occupais.<\/p>\n\n\n\n<p class=\"wp-block-paragraph\">Emily rentrait g\u00e9n\u00e9ralement vers six heures du soir. Je lui racontais quand son fils avait mang\u00e9, combien de temps il avait dormi et si quelque chose d\u2019inhabituel s\u2019\u00e9tait produit.<\/p>\n\n\n\n<p class=\"wp-block-paragraph\">Puis je r\u00e9cup\u00e9rais mes affaires et je rentrais chez moi.<\/p>\n\n\n\n<p class=\"wp-block-paragraph\">Dix heures par jour.<\/p>\n\n\n\n<p class=\"wp-block-paragraph\">Cinq jours par semaine.<\/p>\n\n\n\n<p class=\"wp-block-paragraph\">Je n\u2019ai jamais calcul\u00e9 ce que cette garde aurait co\u00fbt\u00e9 si ma fille avait d\u00fb engager une professionnelle. Je ne voulais m\u00eame pas y penser. Une famille n\u2019est pas une entreprise, et j\u2019\u00e9tais convaincue que j\u2019aidais simplement ma fille \u00e0 traverser l\u2019une des p\u00e9riodes les plus difficiles de sa vie.<\/p>\n\n\n\n<p class=\"wp-block-paragraph\">Et surtout, j\u2019adorais mon petit-fils.<\/p>\n\n\n\n<p class=\"wp-block-paragraph\">Son sourire du matin suffisait longtemps \u00e0 faire oublier toute ma fatigue.<\/p>\n\n\n\n<p class=\"wp-block-paragraph\">Mais apr\u00e8s plusieurs mois, j\u2019ai commenc\u00e9 \u00e0 sentir que mes forces diminuaient.<\/p>\n\n\n\n<p class=\"wp-block-paragraph\">Je n\u2019\u00e9tais plus assez jeune pour passer dix heures par jour \u00e0 courir entre un b\u00e9b\u00e9, les lessives et les t\u00e2ches m\u00e9nag\u00e8res sans ressentir, le soir venu, des douleurs dans le dos et les jambes.<\/p>\n\n\n\n<p class=\"wp-block-paragraph\">Pourtant, je continuais.<\/p>\n\n\n\n<p class=\"wp-block-paragraph\">Je pensais qu\u2019ils avaient besoin de moi.<\/p>\n\n\n\n<h2 class=\"wp-block-heading\">L\u2019apr\u00e8s-midi o\u00f9 tout a chang\u00e9<\/h2>\n\n\n\n<p class=\"wp-block-paragraph\">Le conflit a commenc\u00e9 \u00e0 cause d\u2019une chose presque ridiculement insignifiante.<\/p>\n\n\n\n<p class=\"wp-block-paragraph\">Un apr\u00e8s-midi, mon petit-fils et moi sommes rentr\u00e9s d\u2019une longue promenade. Il avait \u00e9t\u00e9 agit\u00e9 et j\u2019avais mis beaucoup plus de temps que d\u2019habitude \u00e0 l\u2019endormir.<\/p>\n\n\n\n<p class=\"wp-block-paragraph\">Ce matin-l\u00e0, j\u2019\u00e9tais partie pr\u00e9cipitamment de chez moi et je n\u2019avais presque rien mang\u00e9 au petit-d\u00e9jeuner. Au milieu de l\u2019apr\u00e8s-midi, j\u2019avais vraiment faim.<\/p>\n\n\n\n<p class=\"wp-block-paragraph\">Lorsque le b\u00e9b\u00e9 s\u2019est enfin endormi, je suis all\u00e9e dans la cuisine.<\/p>\n\n\n\n<p class=\"wp-block-paragraph\">J\u2019ai ouvert le r\u00e9frig\u00e9rateur.<\/p>\n\n\n\n<p class=\"wp-block-paragraph\">Il y avait du fromage et quelques fruits. Je me suis coup\u00e9 un petit morceau de fromage et j\u2019ai pris une pomme.<\/p>\n\n\n\n<p class=\"wp-block-paragraph\">Je n\u2019y ai pas r\u00e9fl\u00e9chi une seconde.<\/p>\n\n\n\n<p class=\"wp-block-paragraph\">Depuis des mois, je passais la majeure partie de mes journ\u00e9es dans cet appartement. J\u2019avais pr\u00e9par\u00e9 des dizaines de biberons dans cette cuisine, fait la vaisselle et nettoy\u00e9 le plan de travail un nombre incalculable de fois.<\/p>\n\n\n\n<p class=\"wp-block-paragraph\">Prendre une pomme me semblait parfaitement normal.<\/p>\n\n\n\n<p class=\"wp-block-paragraph\">Mais ce jour-l\u00e0, Emily est rentr\u00e9e du travail plus t\u00f4t que pr\u00e9vu.<\/p>\n\n\n\n<p class=\"wp-block-paragraph\">Elle est entr\u00e9e dans la cuisine alors que je terminais mon morceau de fromage.<\/p>\n\n\n\n<p class=\"wp-block-paragraph\">Son expression a chang\u00e9.<\/p>\n\n\n\n<p class=\"wp-block-paragraph\">\u00ab Maman, tu as pris \u00e7a dans le r\u00e9frig\u00e9rateur ? \u00bb<\/p>\n\n\n\n<p class=\"wp-block-paragraph\">Au d\u00e9but, j\u2019ai cru qu\u2019elle plaisantait.<\/p>\n\n\n\n<p class=\"wp-block-paragraph\">\u00ab Oui. J\u2019avais faim. \u00bb<\/p>\n\n\n\n<p class=\"wp-block-paragraph\">Mais elle \u00e9tait s\u00e9rieuse.<\/p>\n\n\n\n<p class=\"wp-block-paragraph\">Elle m\u2019a expliqu\u00e9 que je devrais demander avant de prendre de la nourriture, car elle organisait ses courses en fonction du budget du foyer et des repas pr\u00e9vus.<\/p>\n\n\n\n<p class=\"wp-block-paragraph\">Pendant quelques secondes, je l\u2019ai simplement regard\u00e9e, incapable de r\u00e9pondre.<\/p>\n\n\n\n<p class=\"wp-block-paragraph\">Puis je lui ai demand\u00e9 si elle \u00e9tait r\u00e9ellement contrari\u00e9e parce que j\u2019avais mang\u00e9 un peu de fromage et une pomme apr\u00e8s avoir pass\u00e9 toute la journ\u00e9e \u00e0 m\u2019occuper de son fils.<\/p>\n\n\n\n<p class=\"wp-block-paragraph\">Emily a essay\u00e9 de m\u2019expliquer qu\u2019il ne s\u2019agissait pas du prix de la nourriture. Selon elle, il \u00e9tait question de limites. Elle aimait savoir exactement ce qu\u2019il restait dans son r\u00e9frig\u00e9rateur afin d\u2019organiser les repas.<\/p>\n\n\n\n<p class=\"wp-block-paragraph\">Peut-\u00eatre \u00e9tait-ce vraiment ce qu\u2019elle voulait dire.<\/p>\n\n\n\n<p class=\"wp-block-paragraph\">Mais moi, j\u2019ai entendu quelque chose de compl\u00e8tement diff\u00e9rent.<\/p>\n\n\n\n<p class=\"wp-block-paragraph\">Apr\u00e8s des mois \u00e0 offrir gratuitement mon temps et mon \u00e9nergie \u00e0 sa famille, je me retrouvais soudain dans la position d\u2019une simple invit\u00e9e qui devait demander la permission avant de prendre quelque chose dans le r\u00e9frig\u00e9rateur.<\/p>\n\n\n\n<h2 class=\"wp-block-heading\">La valeur invisible de l\u2019aide familiale<\/h2>\n\n\n\n<p class=\"wp-block-paragraph\">Je n\u2019ai pas cri\u00e9.<\/p>\n\n\n\n<p class=\"wp-block-paragraph\">\u00c0 la place, j\u2019ai pos\u00e9 une question tr\u00e8s simple \u00e0 Emily.<\/p>\n\n\n\n<p class=\"wp-block-paragraph\">\u00ab Si nous avons besoin de limites claires, ne devrions-nous pas les d\u00e9finir pour tout ? \u00bb<\/p>\n\n\n\n<p class=\"wp-block-paragraph\">Elle m\u2019a regard\u00e9e, surprise.<\/p>\n\n\n\n<p class=\"wp-block-paragraph\">Je lui ai rappel\u00e9 que j\u2019arrivais chaque matin vers huit heures et que je repartais g\u00e9n\u00e9ralement vers six heures du soir. Je nourrissais son fils, changeais ses couches, le consolais, l\u2019emmenais se promener, lavais ses v\u00eatements et l\u2019aidais souvent dans la maison.<\/p>\n\n\n\n<p class=\"wp-block-paragraph\">Je ne lui avais jamais demand\u00e9 un centime.<\/p>\n\n\n\n<p class=\"wp-block-paragraph\">Je ne lui avais m\u00eame jamais demand\u00e9 de participer \u00e0 mes frais de transport ou \u00e0 mes repas.<\/p>\n\n\n\n<p class=\"wp-block-paragraph\">\u00ab Si je dois demander la permission pour manger une pomme, lui ai-je dit, alors peut-\u00eatre devrions-nous arr\u00eater de faire comme si mon aide n\u2019avait aucune valeur. \u00bb<\/p>\n\n\n\n<p class=\"wp-block-paragraph\">\u00c0 cet instant, la conversation est devenue beaucoup plus inconfortable.<\/p>\n\n\n\n<p class=\"wp-block-paragraph\">Emily a insist\u00e9 sur le fait qu\u2019elle appr\u00e9ciait tout ce que je faisais. Selon elle, j\u2019avais mal interpr\u00e9t\u00e9 sa remarque et je transformais une petite chose en \u00e9norme probl\u00e8me.<\/p>\n\n\n\n<p class=\"wp-block-paragraph\">Mais c\u2019\u00e9tait justement l\u00e0 toute la difficult\u00e9.<\/p>\n\n\n\n<p class=\"wp-block-paragraph\">La remarque \u00e9tait insignifiante.<\/p>\n\n\n\n<p class=\"wp-block-paragraph\">La situation qui se cachait derri\u00e8re ne l\u2019\u00e9tait pas.<\/p>\n\n\n\n<p class=\"wp-block-paragraph\">De nombreuses familles d\u00e9pendent fortement de l\u2019aide gratuite des grands-parents. Et parce que cette aide vient d\u2019une personne qui aime profond\u00e9ment l\u2019enfant, sa v\u00e9ritable valeur humaine et \u00e9conomique peut facilement devenir invisible.<\/p>\n\n\n\n<p class=\"wp-block-paragraph\">Une grand-m\u00e8re peut dire un jour : \u00ab Bien s\u00fbr, je vais vous aider \u00bb, puis d\u00e9couvrir quelques mois plus tard qu\u2019elle assure pratiquement un emploi \u00e0 plein temps.<\/p>\n\n\n\n<p class=\"wp-block-paragraph\">Un grand-p\u00e8re peut commencer par aller chercher son petit-enfant \u00e0 l\u2019\u00e9cole deux fois par semaine, avant que cette habitude ne devienne progressivement une responsabilit\u00e9 quotidienne.<\/p>\n\n\n\n<p class=\"wp-block-paragraph\">Personne n\u2019a forc\u00e9ment l\u2019intention de profiter de l\u2019autre.<\/p>\n\n\n\n<p class=\"wp-block-paragraph\">Le probl\u00e8me peut appara\u00eetre progressivement.<\/p>\n\n\n\n<p class=\"wp-block-paragraph\">Lorsqu\u2019une personne aide tous les jours, son entourage finit parfois par ne plus consid\u00e9rer son geste comme un service. Cette aide devient simplement une partie normale du quotidien.<\/p>\n\n\n\n<p class=\"wp-block-paragraph\">C\u2019est exactement ce qui nous \u00e9tait arriv\u00e9.<\/p>\n\n\n\n<h2 class=\"wp-block-heading\">Quand l\u2019aide devient une attente<\/h2>\n\n\n\n<p class=\"wp-block-paragraph\">Cet apr\u00e8s-midi-l\u00e0, je suis rentr\u00e9e chez moi plus t\u00f4t que d\u2019habitude.<\/p>\n\n\n\n<p class=\"wp-block-paragraph\">Pour la premi\u00e8re fois depuis des mois, Emily a d\u00fb organiser seule le reste de sa journ\u00e9e.<\/p>\n\n\n\n<p class=\"wp-block-paragraph\">Le soir, elle m\u2019a appel\u00e9e.<\/p>\n\n\n\n<p class=\"wp-block-paragraph\">Nous \u00e9tions toutes les deux plus calmes.<\/p>\n\n\n\n<p class=\"wp-block-paragraph\">Elle s\u2019est excus\u00e9e pour la mani\u00e8re dont elle m\u2019avait parl\u00e9. De mon c\u00f4t\u00e9, j\u2019ai reconnu que j\u2019avais \u00e9galement commis une erreur en gardant le silence pendant des mois sur ma fatigue.<\/p>\n\n\n\n<p class=\"wp-block-paragraph\">Car c\u2019\u00e9tait aussi une partie du probl\u00e8me.<\/p>\n\n\n\n<p class=\"wp-block-paragraph\">Emily avait commenc\u00e9 \u00e0 consid\u00e9rer mon aide comme acquise, mais j\u2019avais moi-m\u00eame contribu\u00e9 \u00e0 cr\u00e9er cette situation.<\/p>\n\n\n\n<p class=\"wp-block-paragraph\">Lorsque j\u2019\u00e9tais \u00e9puis\u00e9e, je ne disais rien.<\/p>\n\n\n\n<p class=\"wp-block-paragraph\">Quand une nouvelle t\u00e2che m\u00e9nag\u00e8re apparaissait, je m\u2019en occupais silencieusement.<\/p>\n\n\n\n<p class=\"wp-block-paragraph\">Et chaque fois qu\u2019Emily me demandait si tout allait bien, je r\u00e9pondais oui.<\/p>\n\n\n\n<p class=\"wp-block-paragraph\">J\u2019attendais qu\u2019elle comprenne mes limites sans jamais les lui avoir clairement expliqu\u00e9es.<\/p>\n\n\n\n<p class=\"wp-block-paragraph\">Ce n\u2019\u00e9tait pas r\u00e9aliste.<\/p>\n\n\n\n<p class=\"wp-block-paragraph\">La dispute autour du r\u00e9frig\u00e9rateur n\u2019avait pas cr\u00e9\u00e9 notre probl\u00e8me.<\/p>\n\n\n\n<p class=\"wp-block-paragraph\">Elle l\u2019avait simplement r\u00e9v\u00e9l\u00e9.<\/p>\n\n\n\n<h2 class=\"wp-block-heading\">De nouvelles r\u00e8gles pour pr\u00e9server notre relation<\/h2>\n\n\n\n<p class=\"wp-block-paragraph\">Nous avons finalement d\u00e9cid\u00e9 que je continuerais \u00e0 m\u2019occuper de mon petit-fils, mais plus dix heures par jour, cinq jours par semaine.<\/p>\n\n\n\n<p class=\"wp-block-paragraph\">Emily a commenc\u00e9 \u00e0 chercher d\u2019autres solutions de garde afin que toute la responsabilit\u00e9 ne repose plus uniquement sur moi. Nous avons \u00e9galement convenu que, lorsque je gardais le b\u00e9b\u00e9, ma priorit\u00e9 serait de m\u2019occuper de lui et non d\u2019entretenir tout l\u2019appartement.<\/p>\n\n\n\n<p class=\"wp-block-paragraph\">Et oui, nous avons aussi parl\u00e9 de nourriture.<\/p>\n\n\n\n<p class=\"wp-block-paragraph\">Emily m\u2019a dit que je pouvais \u00e9videmment manger quelque chose de raisonnable chez elle lorsque je passais la journ\u00e9e \u00e0 m\u2019occuper de son fils.<\/p>\n\n\n\n<p class=\"wp-block-paragraph\">Plus tard, nous avons m\u00eame ri du fait que deux femmes adultes avaient eu besoin d\u2019une dispute pour clarifier quelque chose qui semblait pourtant si \u00e9vident.<\/p>\n\n\n\n<p class=\"wp-block-paragraph\">Mais la v\u00e9ritable le\u00e7on \u00e9tait beaucoup plus importante.<\/p>\n\n\n\n<p class=\"wp-block-paragraph\">L\u2019aide familiale m\u00e9rite du respect, tout comme n\u2019importe quel autre travail.<\/p>\n\n\n\n<p class=\"wp-block-paragraph\">Cela ne signifie \u00e9videmment pas que les grands-parents doivent \u00eatre pay\u00e9s pour chaque heure pass\u00e9e avec leurs petits-enfants. Chaque famille poss\u00e8de ses propres traditions, attentes et possibilit\u00e9s financi\u00e8res.<\/p>\n\n\n\n<p class=\"wp-block-paragraph\">Cela signifie simplement qu\u2019il faut reconna\u00eetre ce que les autres font pour nous.<\/p>\n\n\n\n<p class=\"wp-block-paragraph\">Parfois, la reconnaissance peut prendre la forme d\u2019une aide financi\u00e8re. Dans d\u2019autres cas, il peut s\u2019agir de payer les frais de transport, de faire quelques courses suppl\u00e9mentaires ou de pr\u00e9voir r\u00e9guli\u00e8rement des jours de repos.<\/p>\n\n\n\n<p class=\"wp-block-paragraph\">Et parfois, une simple phrase suffit :<\/p>\n\n\n\n<p class=\"wp-block-paragraph\">\u00ab Je sais tout ce que tu fais pour nous. \u00bb<\/p>\n\n\n\n<p class=\"wp-block-paragraph\">Plus important encore, les familles devraient discuter de leurs attentes avant que la fatigue ne se transforme en frustration ou en ressentiment.<\/p>\n\n\n\n<p class=\"wp-block-paragraph\">Combien de jours par semaine un grand-parent gardera-t-il l\u2019enfant ?<\/p>\n\n\n\n<p class=\"wp-block-paragraph\">Pendant combien d\u2019heures ?<\/p>\n\n\n\n<p class=\"wp-block-paragraph\">Sa responsabilit\u00e9 concerne-t-elle uniquement l\u2019enfant ou doit-il \u00e9galement effectuer les t\u00e2ches m\u00e9nag\u00e8res ?<\/p>\n\n\n\n<p class=\"wp-block-paragraph\">Que se passe-t-il lorsqu\u2019il a besoin d\u2019une journ\u00e9e de repos ?<\/p>\n\n\n\n<p class=\"wp-block-paragraph\">Ces questions peuvent sembler excessivement formelles entre membres d\u2019une m\u00eame famille.<\/p>\n\n\n\n<p class=\"wp-block-paragraph\">Pourtant, des r\u00e8gles claires peuvent \u00e9viter des conflits beaucoup plus douloureux.<\/p>\n\n\n\n<h2 class=\"wp-block-heading\">Il ne s\u2019agissait jamais seulement d\u2019une pomme<\/h2>\n\n\n\n<p class=\"wp-block-paragraph\">Quelques mois plus tard, j\u2019ai compris que j\u2019\u00e9tais, d\u2019une certaine mani\u00e8re, reconnaissante pour cet apr\u00e8s-midi d\u00e9sagr\u00e9able.<\/p>\n\n\n\n<p class=\"wp-block-paragraph\">Pas pour la dispute elle-m\u00eame.<\/p>\n\n\n\n<p class=\"wp-block-paragraph\">Mais pour ce qu\u2019elle nous avait oblig\u00e9es \u00e0 reconna\u00eetre.<\/p>\n\n\n\n<p class=\"wp-block-paragraph\">J\u2019avais commenc\u00e9 \u00e0 croire qu\u2019\u00eatre une bonne m\u00e8re et une bonne grand-m\u00e8re signifiait \u00eatre disponible en permanence. Emily, de son c\u00f4t\u00e9, s\u2019\u00e9tait tellement habitu\u00e9e \u00e0 ma pr\u00e9sence qu\u2019elle ne voyait plus quelle part de ma vie j\u2019avais organis\u00e9e autour des besoins de sa famille.<\/p>\n\n\n\n<p class=\"wp-block-paragraph\">Aucune de ces deux attitudes ne pouvait durer \u00e9ternellement.<\/p>\n\n\n\n<p class=\"wp-block-paragraph\">Aujourd\u2019hui, je passe toujours beaucoup de temps avec mon petit-fils.<\/p>\n\n\n\n<p class=\"wp-block-paragraph\">La diff\u00e9rence, c\u2019est que je suis redevenue avant tout sa grand-m\u00e8re.<\/p>\n\n\n\n<p class=\"wp-block-paragraph\">Certains jours, je le garde. D\u2019autres fois, je viens simplement lui rendre visite, je joue avec lui et je rentre chez moi lorsque j\u2019en ai envie. Emily a \u00e9galement appris \u00e0 me demander \u00e0 l\u2019avance si je suis disponible plut\u00f4t que de supposer automatiquement que je le serai.<\/p>\n\n\n\n<p class=\"wp-block-paragraph\">Notre relation s\u2019est am\u00e9lior\u00e9e gr\u00e2ce \u00e0 cela.<\/p>\n\n\n\n<p class=\"wp-block-paragraph\">Nous avons finalement compris quelque chose que certaines familles ne d\u00e9couvrent qu\u2019apr\u00e8s un conflit beaucoup plus grave :<\/p>\n\n\n\n<p class=\"wp-block-paragraph\">L\u2019amour ne supprime pas le besoin de limites.<\/p>\n\n\n\n<p class=\"wp-block-paragraph\">Au contraire, des limites saines peuvent prot\u00e9ger l\u2019amour. Elles emp\u00eachent une aide offerte volontairement de devenir une obligation et la gratitude de se transformer en attente permanente.<\/p>\n\n\n\n<p class=\"wp-block-paragraph\">En apparence, notre dispute concernait un petit morceau de fromage et une pomme.<\/p>\n\n\n\n<p class=\"wp-block-paragraph\">En r\u00e9alit\u00e9, elle concernait le temps, le respect et tout ce travail invisible que les gens accomplissent chaque jour pour ceux qu\u2019ils aiment.<\/p>\n\n\n\n<p class=\"wp-block-paragraph\">Et parfois, il suffit d\u2019un moment tout \u00e0 fait ordinaire pour r\u00e9v\u00e9ler un probl\u00e8me dont une famille aurait d\u00fb parler depuis longtemps.<\/p>\n\n\n\n<p class=\"wp-block-paragraph\"><\/p>\n","protected":false},"excerpt":{"rendered":"Lorsque ma fille m\u2019a annonc\u00e9 qu\u2019elle attendait son premier enfant, j\u2019ai imagin\u00e9 les joies simples de la vie de grand-m\u00e8re : tenir un \n<a class=\"moretag\" href=\"https:\/\/yer.arminfonews.ru\/?p=17143\"> [...]<\/a>","protected":false},"author":1,"featured_media":17144,"comment_status":"open","ping_status":"open","sticky":false,"template":"","format":"standard","meta":{"footnotes":""},"categories":[1],"tags":[],"class_list":["post-17143","post","type-post","status-publish","format-standard","has-post-thumbnail","hentry","category-uncategorised"],"yoast_head":"<!-- This site is optimized with the Yoast SEO plugin v28.4 - https:\/\/yoast.com\/product\/yoast-seo-wordpress\/ -->\n<title>Le jour o\u00f9 une grand-m\u00e8re a cess\u00e9 d\u2019\u00eatre consid\u00e9r\u00e9e comme acquise -<\/title>\n<meta name=\"robots\" content=\"index, follow, max-snippet:-1, max-image-preview:large, max-video-preview:-1\" \/>\n<link rel=\"canonical\" href=\"https:\/\/yer.arminfonews.ru\/?p=17143\" \/>\n<meta property=\"og:locale\" content=\"ru_RU\" \/>\n<meta property=\"og:type\" content=\"article\" \/>\n<meta property=\"og:title\" content=\"Le jour o\u00f9 une grand-m\u00e8re a cess\u00e9 d\u2019\u00eatre consid\u00e9r\u00e9e comme acquise -\" \/>\n<meta property=\"og:description\" content=\"Lorsque ma fille m\u2019a annonc\u00e9 qu\u2019elle attendait son premier enfant, j\u2019ai imagin\u00e9 les joies simples de la vie de grand-m\u00e8re : tenir un\" \/>\n<meta property=\"og:url\" content=\"https:\/\/yer.arminfonews.ru\/?p=17143\" \/>\n<meta property=\"article:published_time\" content=\"2026-09-04T08:20:19+00:00\" \/>\n<meta property=\"article:modified_time\" content=\"2026-09-04T08:20:21+00:00\" \/>\n<meta property=\"og:image\" content=\"https:\/\/yer.arminfonews.ru\/wp-content\/uploads\/2026\/09\/558-1024x538.png\" \/>\n\t<meta property=\"og:image:width\" content=\"1024\" \/>\n\t<meta property=\"og:image:height\" content=\"538\" \/>\n\t<meta property=\"og:image:type\" content=\"image\/png\" \/>\n<meta name=\"author\" content=\"admin\" \/>\n<meta name=\"twitter:card\" content=\"summary_large_image\" \/>\n<meta name=\"twitter:label1\" content=\"\u041d\u0430\u043f\u0438\u0441\u0430\u043d\u043e \u0430\u0432\u0442\u043e\u0440\u043e\u043c\" \/>\n\t<meta name=\"twitter:data1\" content=\"admin\" \/>\n\t<meta name=\"twitter:label2\" content=\"\u041f\u0440\u0438\u043c\u0435\u0440\u043d\u043e\u0435 \u0432\u0440\u0435\u043c\u044f \u0434\u043b\u044f \u0447\u0442\u0435\u043d\u0438\u044f\" \/>\n\t<meta name=\"twitter:data2\" content=\"12 \u043c\u0438\u043d\u0443\u0442\" \/>\n<script type=\"application\/ld+json\" class=\"yoast-schema-graph\">{\"@context\":\"https:\\\/\\\/schema.org\",\"@graph\":[{\"@type\":\"Article\",\"@id\":\"https:\\\/\\\/yer.arminfonews.ru\\\/?p=17143#article\",\"isPartOf\":{\"@id\":\"https:\\\/\\\/yer.arminfonews.ru\\\/?p=17143\"},\"author\":{\"name\":\"admin\",\"@id\":\"https:\\\/\\\/yer.arminfonews.ru\\\/#\\\/schema\\\/person\\\/e0a67b70121aea8a84137c63ef4743e8\"},\"headline\":\"Le jour o\u00f9 une grand-m\u00e8re a cess\u00e9 d\u2019\u00eatre consid\u00e9r\u00e9e comme acquise\",\"datePublished\":\"2026-09-04T08:20:19+00:00\",\"dateModified\":\"2026-09-04T08:20:21+00:00\",\"mainEntityOfPage\":{\"@id\":\"https:\\\/\\\/yer.arminfonews.ru\\\/?p=17143\"},\"wordCount\":2368,\"commentCount\":0,\"image\":{\"@id\":\"https:\\\/\\\/yer.arminfonews.ru\\\/?p=17143#primaryimage\"},\"thumbnailUrl\":\"https:\\\/\\\/yer.arminfonews.ru\\\/wp-content\\\/uploads\\\/2026\\\/09\\\/558.png\",\"articleSection\":[\"NEWS\"],\"inLanguage\":\"ru-RU\",\"potentialAction\":[{\"@type\":\"CommentAction\",\"name\":\"Comment\",\"target\":[\"https:\\\/\\\/yer.arminfonews.ru\\\/?p=17143#respond\"]}]},{\"@type\":\"WebPage\",\"@id\":\"https:\\\/\\\/yer.arminfonews.ru\\\/?p=17143\",\"url\":\"https:\\\/\\\/yer.arminfonews.ru\\\/?p=17143\",\"name\":\"Le jour o\u00f9 une grand-m\u00e8re a cess\u00e9 d\u2019\u00eatre consid\u00e9r\u00e9e comme acquise -\",\"isPartOf\":{\"@id\":\"https:\\\/\\\/yer.arminfonews.ru\\\/#website\"},\"primaryImageOfPage\":{\"@id\":\"https:\\\/\\\/yer.arminfonews.ru\\\/?p=17143#primaryimage\"},\"image\":{\"@id\":\"https:\\\/\\\/yer.arminfonews.ru\\\/?p=17143#primaryimage\"},\"thumbnailUrl\":\"https:\\\/\\\/yer.arminfonews.ru\\\/wp-content\\\/uploads\\\/2026\\\/09\\\/558.png\",\"datePublished\":\"2026-09-04T08:20:19+00:00\",\"dateModified\":\"2026-09-04T08:20:21+00:00\",\"author\":{\"@id\":\"https:\\\/\\\/yer.arminfonews.ru\\\/#\\\/schema\\\/person\\\/e0a67b70121aea8a84137c63ef4743e8\"},\"breadcrumb\":{\"@id\":\"https:\\\/\\\/yer.arminfonews.ru\\\/?p=17143#breadcrumb\"},\"inLanguage\":\"ru-RU\",\"potentialAction\":[{\"@type\":\"ReadAction\",\"target\":[\"https:\\\/\\\/yer.arminfonews.ru\\\/?p=17143\"]}]},{\"@type\":\"ImageObject\",\"inLanguage\":\"ru-RU\",\"@id\":\"https:\\\/\\\/yer.arminfonews.ru\\\/?p=17143#primaryimage\",\"url\":\"https:\\\/\\\/yer.arminfonews.ru\\\/wp-content\\\/uploads\\\/2026\\\/09\\\/558.png\",\"contentUrl\":\"https:\\\/\\\/yer.arminfonews.ru\\\/wp-content\\\/uploads\\\/2026\\\/09\\\/558.png\",\"width\":1731,\"height\":909},{\"@type\":\"BreadcrumbList\",\"@id\":\"https:\\\/\\\/yer.arminfonews.ru\\\/?p=17143#breadcrumb\",\"itemListElement\":[{\"@type\":\"ListItem\",\"position\":1,\"name\":\"\u0413\u043b\u0430\u0432\u043d\u0430\u044f \u0441\u0442\u0440\u0430\u043d\u0438\u0446\u0430\",\"item\":\"https:\\\/\\\/yer.arminfonews.ru\\\/\"},{\"@type\":\"ListItem\",\"position\":2,\"name\":\"Le jour o\u00f9 une grand-m\u00e8re a cess\u00e9 d\u2019\u00eatre consid\u00e9r\u00e9e comme acquise\"}]},{\"@type\":\"WebSite\",\"@id\":\"https:\\\/\\\/yer.arminfonews.ru\\\/#website\",\"url\":\"https:\\\/\\\/yer.arminfonews.ru\\\/\",\"name\":\"\",\"description\":\"\",\"potentialAction\":[{\"@type\":\"SearchAction\",\"target\":{\"@type\":\"EntryPoint\",\"urlTemplate\":\"https:\\\/\\\/yer.arminfonews.ru\\\/?s={search_term_string}\"},\"query-input\":{\"@type\":\"PropertyValueSpecification\",\"valueRequired\":true,\"valueName\":\"search_term_string\"}}],\"inLanguage\":\"ru-RU\"},{\"@type\":\"Person\",\"@id\":\"https:\\\/\\\/yer.arminfonews.ru\\\/#\\\/schema\\\/person\\\/e0a67b70121aea8a84137c63ef4743e8\",\"name\":\"admin\",\"image\":{\"@type\":\"ImageObject\",\"inLanguage\":\"ru-RU\",\"@id\":\"https:\\\/\\\/secure.gravatar.com\\\/avatar\\\/0ed435f9e4056e0930898ce78c89fa82fe18d3c798c761c71f1f33be878b3b0b?s=96&d=mm&r=g\",\"url\":\"https:\\\/\\\/secure.gravatar.com\\\/avatar\\\/0ed435f9e4056e0930898ce78c89fa82fe18d3c798c761c71f1f33be878b3b0b?s=96&d=mm&r=g\",\"contentUrl\":\"https:\\\/\\\/secure.gravatar.com\\\/avatar\\\/0ed435f9e4056e0930898ce78c89fa82fe18d3c798c761c71f1f33be878b3b0b?s=96&d=mm&r=g\",\"caption\":\"admin\"},\"sameAs\":[\"http:\\\/\\\/yer.arminfonews.ru\"],\"url\":\"https:\\\/\\\/yer.arminfonews.ru\\\/?author=1\"}]}<\/script>\n<!-- \/ Yoast SEO plugin. -->","yoast_head_json":{"title":"Le jour o\u00f9 une grand-m\u00e8re a cess\u00e9 d\u2019\u00eatre consid\u00e9r\u00e9e comme acquise -","robots":{"index":"index","follow":"follow","max-snippet":"max-snippet:-1","max-image-preview":"max-image-preview:large","max-video-preview":"max-video-preview:-1"},"canonical":"https:\/\/yer.arminfonews.ru\/?p=17143","og_locale":"ru_RU","og_type":"article","og_title":"Le jour o\u00f9 une grand-m\u00e8re a cess\u00e9 d\u2019\u00eatre consid\u00e9r\u00e9e comme acquise -","og_description":"Lorsque ma fille m\u2019a annonc\u00e9 qu\u2019elle attendait son premier enfant, j\u2019ai imagin\u00e9 les joies simples de la vie de grand-m\u00e8re : tenir un","og_url":"https:\/\/yer.arminfonews.ru\/?p=17143","article_published_time":"2026-09-04T08:20:19+00:00","article_modified_time":"2026-09-04T08:20:21+00:00","og_image":[{"width":1024,"height":538,"url":"https:\/\/yer.arminfonews.ru\/wp-content\/uploads\/2026\/09\/558-1024x538.png","type":"image\/png"}],"author":"admin","twitter_card":"summary_large_image","twitter_misc":{"\u041d\u0430\u043f\u0438\u0441\u0430\u043d\u043e \u0430\u0432\u0442\u043e\u0440\u043e\u043c":"admin","\u041f\u0440\u0438\u043c\u0435\u0440\u043d\u043e\u0435 \u0432\u0440\u0435\u043c\u044f \u0434\u043b\u044f \u0447\u0442\u0435\u043d\u0438\u044f":"12 \u043c\u0438\u043d\u0443\u0442"},"schema":{"@context":"https:\/\/schema.org","@graph":[{"@type":"Article","@id":"https:\/\/yer.arminfonews.ru\/?p=17143#article","isPartOf":{"@id":"https:\/\/yer.arminfonews.ru\/?p=17143"},"author":{"name":"admin","@id":"https:\/\/yer.arminfonews.ru\/#\/schema\/person\/e0a67b70121aea8a84137c63ef4743e8"},"headline":"Le jour o\u00f9 une grand-m\u00e8re a cess\u00e9 d\u2019\u00eatre consid\u00e9r\u00e9e comme acquise","datePublished":"2026-09-04T08:20:19+00:00","dateModified":"2026-09-04T08:20:21+00:00","mainEntityOfPage":{"@id":"https:\/\/yer.arminfonews.ru\/?p=17143"},"wordCount":2368,"commentCount":0,"image":{"@id":"https:\/\/yer.arminfonews.ru\/?p=17143#primaryimage"},"thumbnailUrl":"https:\/\/yer.arminfonews.ru\/wp-content\/uploads\/2026\/09\/558.png","articleSection":["NEWS"],"inLanguage":"ru-RU","potentialAction":[{"@type":"CommentAction","name":"Comment","target":["https:\/\/yer.arminfonews.ru\/?p=17143#respond"]}]},{"@type":"WebPage","@id":"https:\/\/yer.arminfonews.ru\/?p=17143","url":"https:\/\/yer.arminfonews.ru\/?p=17143","name":"Le jour o\u00f9 une grand-m\u00e8re a cess\u00e9 d\u2019\u00eatre consid\u00e9r\u00e9e comme acquise -","isPartOf":{"@id":"https:\/\/yer.arminfonews.ru\/#website"},"primaryImageOfPage":{"@id":"https:\/\/yer.arminfonews.ru\/?p=17143#primaryimage"},"image":{"@id":"https:\/\/yer.arminfonews.ru\/?p=17143#primaryimage"},"thumbnailUrl":"https:\/\/yer.arminfonews.ru\/wp-content\/uploads\/2026\/09\/558.png","datePublished":"2026-09-04T08:20:19+00:00","dateModified":"2026-09-04T08:20:21+00:00","author":{"@id":"https:\/\/yer.arminfonews.ru\/#\/schema\/person\/e0a67b70121aea8a84137c63ef4743e8"},"breadcrumb":{"@id":"https:\/\/yer.arminfonews.ru\/?p=17143#breadcrumb"},"inLanguage":"ru-RU","potentialAction":[{"@type":"ReadAction","target":["https:\/\/yer.arminfonews.ru\/?p=17143"]}]},{"@type":"ImageObject","inLanguage":"ru-RU","@id":"https:\/\/yer.arminfonews.ru\/?p=17143#primaryimage","url":"https:\/\/yer.arminfonews.ru\/wp-content\/uploads\/2026\/09\/558.png","contentUrl":"https:\/\/yer.arminfonews.ru\/wp-content\/uploads\/2026\/09\/558.png","width":1731,"height":909},{"@type":"BreadcrumbList","@id":"https:\/\/yer.arminfonews.ru\/?p=17143#breadcrumb","itemListElement":[{"@type":"ListItem","position":1,"name":"\u0413\u043b\u0430\u0432\u043d\u0430\u044f \u0441\u0442\u0440\u0430\u043d\u0438\u0446\u0430","item":"https:\/\/yer.arminfonews.ru\/"},{"@type":"ListItem","position":2,"name":"Le jour o\u00f9 une grand-m\u00e8re a cess\u00e9 d\u2019\u00eatre consid\u00e9r\u00e9e comme acquise"}]},{"@type":"WebSite","@id":"https:\/\/yer.arminfonews.ru\/#website","url":"https:\/\/yer.arminfonews.ru\/","name":"","description":"","potentialAction":[{"@type":"SearchAction","target":{"@type":"EntryPoint","urlTemplate":"https:\/\/yer.arminfonews.ru\/?s={search_term_string}"},"query-input":{"@type":"PropertyValueSpecification","valueRequired":true,"valueName":"search_term_string"}}],"inLanguage":"ru-RU"},{"@type":"Person","@id":"https:\/\/yer.arminfonews.ru\/#\/schema\/person\/e0a67b70121aea8a84137c63ef4743e8","name":"admin","image":{"@type":"ImageObject","inLanguage":"ru-RU","@id":"https:\/\/secure.gravatar.com\/avatar\/0ed435f9e4056e0930898ce78c89fa82fe18d3c798c761c71f1f33be878b3b0b?s=96&d=mm&r=g","url":"https:\/\/secure.gravatar.com\/avatar\/0ed435f9e4056e0930898ce78c89fa82fe18d3c798c761c71f1f33be878b3b0b?s=96&d=mm&r=g","contentUrl":"https:\/\/secure.gravatar.com\/avatar\/0ed435f9e4056e0930898ce78c89fa82fe18d3c798c761c71f1f33be878b3b0b?s=96&d=mm&r=g","caption":"admin"},"sameAs":["http:\/\/yer.arminfonews.ru"],"url":"https:\/\/yer.arminfonews.ru\/?author=1"}]}},"_links":{"self":[{"href":"https:\/\/yer.arminfonews.ru\/index.php?rest_route=\/wp\/v2\/posts\/17143","targetHints":{"allow":["GET"]}}],"collection":[{"href":"https:\/\/yer.arminfonews.ru\/index.php?rest_route=\/wp\/v2\/posts"}],"about":[{"href":"https:\/\/yer.arminfonews.ru\/index.php?rest_route=\/wp\/v2\/types\/post"}],"author":[{"embeddable":true,"href":"https:\/\/yer.arminfonews.ru\/index.php?rest_route=\/wp\/v2\/users\/1"}],"replies":[{"embeddable":true,"href":"https:\/\/yer.arminfonews.ru\/index.php?rest_route=%2Fwp%2Fv2%2Fcomments&post=17143"}],"version-history":[{"count":1,"href":"https:\/\/yer.arminfonews.ru\/index.php?rest_route=\/wp\/v2\/posts\/17143\/revisions"}],"predecessor-version":[{"id":17145,"href":"https:\/\/yer.arminfonews.ru\/index.php?rest_route=\/wp\/v2\/posts\/17143\/revisions\/17145"}],"wp:featuredmedia":[{"embeddable":true,"href":"https:\/\/yer.arminfonews.ru\/index.php?rest_route=\/wp\/v2\/media\/17144"}],"wp:attachment":[{"href":"https:\/\/yer.arminfonews.ru\/index.php?rest_route=%2Fwp%2Fv2%2Fmedia&parent=17143"}],"wp:term":[{"taxonomy":"category","embeddable":true,"href":"https:\/\/yer.arminfonews.ru\/index.php?rest_route=%2Fwp%2Fv2%2Fcategories&post=17143"},{"taxonomy":"post_tag","embeddable":true,"href":"https:\/\/yer.arminfonews.ru\/index.php?rest_route=%2Fwp%2Fv2%2Ftags&post=17143"}],"curies":[{"name":"wp","href":"https:\/\/api.w.org\/{rel}","templated":true}]}}